{"id":23,"date":"2009-07-15T08:36:14","date_gmt":"2009-07-15T07:36:14","guid":{"rendered":"http:\/\/www.eira.es\/wordpress\/?p=23"},"modified":"2010-01-25T08:41:06","modified_gmt":"2010-01-25T07:41:06","slug":"constitucion-da-accion-catolica-xeral","status":"publish","type":"post","link":"https:\/\/www.eira.es\/blog\/2009\/07\/15\/constitucion-da-accion-catolica-xeral\/","title":{"rendered":"Constituci\u00f3n da Acci\u00f3n Cat\u00f3lica Xeral"},"content":{"rendered":"<p>Despois de moitos traballos, o 11 de Xullo de 2009 constitu\u00edmos a Acci\u00f3n Cat\u00f3lica Xeral na diocese.<\/p>\n<p>\u00a0P\u00f3\u00f1ovos os documentos que se utilizaron, para que os poidades consultar:<\/p>\n<p><a href=\"http:\/\/www.eira.es\/paulo\/dmdocuments\/Estatutos%20Diocesanos%20Santiago-%20Acci%F3n%20Cat%F3lica%20General.doc\">http:\/\/www.eira.es\/paulo\/dmdocuments\/Estatutos%20Diocesanos%20Santiago-%20Acci%F3n%20Cat%F3lica%20General.doc<\/a><\/p>\n<p><a href=\"http:\/\/www.eira.es\/paulo\/dmdocuments\/Acta%20de%20Constituci%F3nMovemento.doc\">http:\/\/www.eira.es\/paulo\/dmdocuments\/Acta%20de%20Constituci%F3nMovemento.doc<\/a><\/p>\n<p><a href=\"http:\/\/www.eira.es\/paulo\/dmdocuments\/Presentacion_Estatutos_2009_07_11.ppt\">http:\/\/www.eira.es\/paulo\/dmdocuments\/Presentacion_Estatutos_2009_07_11.ppt\u00a0<\/a><\/p>\n<p><a href=\"http:\/\/www.eira.es\/paulo\/dmdocuments\/Acta%20Elecci%F3n%20Presidente.doc\">http:\/\/www.eira.es\/paulo\/dmdocuments\/Acta%20Elecci%F3n%20Presidente.doc<\/a><\/p>\n<p><a href=\"http:\/\/www.eira.es\/paulo\/dmdocuments\/Acta%20Elecci%F3n%20Presidente.doc\"><\/a><\/p>\n","protected":false},"excerpt":{"rendered":"<p>Despois de moitos traballos, o 11 de Xullo de 2009 constitu\u00edmos a Acci\u00f3n Cat\u00f3lica Xeral na diocese. \u00a0P\u00f3\u00f1ovos os documentos que se utilizaron, para que os poidades consultar: http:\/\/www.eira.es\/paulo\/dmdocuments\/Estatutos%20Diocesanos%20Santiago-%20Acci%F3n%20Cat%F3lica%20General.doc http:\/\/www.eira.es\/paulo\/dmdocuments\/Acta%20de%20Constituci%F3nMovemento.doc http:\/\/www.eira.es\/paulo\/dmdocuments\/Presentacion_Estatutos_2009_07_11.ppt\u00a0 http:\/\/www.eira.es\/paulo\/dmdocuments\/Acta%20Elecci%F3n%20Presidente.doc<\/p>\n","protected":false},"author":2,"featured_media":0,"comment_status":"open","ping_status":"open","sticky":false,"template":"","format":"standard","meta":{"footnotes":""},"categories":[9],"tags":[10],"class_list":["post-23","post","type-post","status-publish","format-standard","hentry","category-accioncatolica","tag-accion-catolica"],"_links":{"self":[{"href":"https:\/\/www.eira.es\/blog\/wp-json\/wp\/v2\/posts\/23","targetHints":{"allow":["GET"]}}],"collection":[{"href":"https:\/\/www.eira.es\/blog\/wp-json\/wp\/v2\/posts"}],"about":[{"href":"https:\/\/www.eira.es\/blog\/wp-json\/wp\/v2\/types\/post"}],"author":[{"embeddable":true,"href":"https:\/\/www.eira.es\/blog\/wp-json\/wp\/v2\/users\/2"}],"replies":[{"embeddable":true,"href":"https:\/\/www.eira.es\/blog\/wp-json\/wp\/v2\/comments?post=23"}],"version-history":[{"count":7,"href":"https:\/\/www.eira.es\/blog\/wp-json\/wp\/v2\/posts\/23\/revisions"}],"predecessor-version":[{"id":30,"href":"https:\/\/www.eira.es\/blog\/wp-json\/wp\/v2\/posts\/23\/revisions\/30"}],"wp:attachment":[{"href":"https:\/\/www.eira.es\/blog\/wp-json\/wp\/v2\/media?parent=23"}],"wp:term":[{"taxonomy":"category","embeddable":true,"href":"https:\/\/www.eira.es\/blog\/wp-json\/wp\/v2\/categories?post=23"},{"taxonomy":"post_tag","embeddable":true,"href":"https:\/\/www.eira.es\/blog\/wp-json\/wp\/v2\/tags?post=23"}],"curies":[{"name":"wp","href":"https:\/\/api.w.org\/{rel}","templated":true}]}}