{"id":1532,"date":"2014-11-23T18:19:59","date_gmt":"2014-11-23T17:19:59","guid":{"rendered":"http:\/\/www.eira.es\/blog\/?p=1532"},"modified":"2014-11-25T08:36:23","modified_gmt":"2014-11-25T07:36:23","slug":"reenganche","status":"publish","type":"post","link":"https:\/\/www.eira.es\/blog\/2014\/11\/23\/reenganche\/","title":{"rendered":"Reenganche"},"content":{"rendered":"<p>Despois de moitos meses sen navegar, por fin consegu\u00edn que todo se conxuntase. Planteime no Esteiro, mirando a Barra\u00f1a, para aproveitar un norte que soplaba m\u00e1is do que parec\u00eda, aparte de ser moi racheado.<\/p>\n<p>7,5 metros de vela, por se acaso. A t\u00e1boa correspondente :111 e a aleta habitual: 38. M\u00e9tome na auga dubidando\u00a0se\u00a0todab\u00eda sei planear. O ir pasado ten certas vantaxes. Levanto vela e&#8230; hop, beach start sen problemas, dous segundos e me engancho 3 segundos mais e pes nos straps. COMO ME GUSTA PLANEAR. Perd\u00f3n.<\/p>\n<p>Pois iso. Planeando sen problemas e con moita variabilidade do vento. Tir\u00e1ndome \u00f3 largo para aguantar o planeo, uns segundos despois cinguindo a saco para non esnafrarme, suma e segue ate escarabote. Xa esgotado, descanso un pouco e po\u00f1o a botavara no ollao de abaixo, con idea de que non me de tanta ca\u00f1a.<\/p>\n<p>Intento fallido.<\/p>\n<p>Fago un par de bordos\u00a0moi moi pasado e despois volto \u00e1 praia. A volta tivo o seu aquel. Como non me atrev\u00eda a po\u00f1erme \u00f3 largo enganchado, al\u00e1 me tirei sen arnes nen cinchas. Sorprendentemente, recorr\u00edn como 200 metros sen caer, medio sufeando as ondas. \u00d3 ir a favor do vento, aguantar a vela non supo\u00f1\u00eda un esforzo tan grande e a sensaci\u00f3n foi moi boa.<\/p>\n<p>Chegado \u00e1 praia, dubido un rato se baixar metros ou marchar para non comprometer o axustado horario da tarde. Como soluci\u00f3n de compromiso, volto a sa\u00edr co mesmo material. Outro par de bordos cinguindo a saco e volto \u00e1 praia coa mesma estratexia. Sae case igual de ben, inda que esta vez caio contra o final. Pouca cousa.<\/p>\n<p>Agora si. Recollo e a casi\u00f1a que todav\u00eda hai moito que facer pola tarde \ud83d\ude09<\/p>\n","protected":false},"excerpt":{"rendered":"<p>Despois de moitos meses sen navegar, por fin consegu\u00edn que todo se conxuntase. Planteime no Esteiro, mirando a Barra\u00f1a, para aproveitar un norte que soplaba m\u00e1is do que parec\u00eda, aparte de ser moi racheado. 7,5 metros de vela, por se &hellip; <a href=\"https:\/\/www.eira.es\/blog\/2014\/11\/23\/reenganche\/\">Sigue lendo <span class=\"meta-nav\">&rarr;<\/span><\/a><\/p>\n","protected":false},"author":2,"featured_media":0,"comment_status":"open","ping_status":"open","sticky":false,"template":"","format":"standard","meta":{"footnotes":""},"categories":[20],"tags":[22],"class_list":["post-1532","post","type-post","status-publish","format-standard","hentry","category-windsurf","tag-navegadas"],"_links":{"self":[{"href":"https:\/\/www.eira.es\/blog\/wp-json\/wp\/v2\/posts\/1532","targetHints":{"allow":["GET"]}}],"collection":[{"href":"https:\/\/www.eira.es\/blog\/wp-json\/wp\/v2\/posts"}],"about":[{"href":"https:\/\/www.eira.es\/blog\/wp-json\/wp\/v2\/types\/post"}],"author":[{"embeddable":true,"href":"https:\/\/www.eira.es\/blog\/wp-json\/wp\/v2\/users\/2"}],"replies":[{"embeddable":true,"href":"https:\/\/www.eira.es\/blog\/wp-json\/wp\/v2\/comments?post=1532"}],"version-history":[{"count":1,"href":"https:\/\/www.eira.es\/blog\/wp-json\/wp\/v2\/posts\/1532\/revisions"}],"predecessor-version":[{"id":1533,"href":"https:\/\/www.eira.es\/blog\/wp-json\/wp\/v2\/posts\/1532\/revisions\/1533"}],"wp:attachment":[{"href":"https:\/\/www.eira.es\/blog\/wp-json\/wp\/v2\/media?parent=1532"}],"wp:term":[{"taxonomy":"category","embeddable":true,"href":"https:\/\/www.eira.es\/blog\/wp-json\/wp\/v2\/categories?post=1532"},{"taxonomy":"post_tag","embeddable":true,"href":"https:\/\/www.eira.es\/blog\/wp-json\/wp\/v2\/tags?post=1532"}],"curies":[{"name":"wp","href":"https:\/\/api.w.org\/{rel}","templated":true}]}}