{"id":1482,"date":"2014-09-25T20:01:03","date_gmt":"2014-09-25T18:01:03","guid":{"rendered":"http:\/\/www.eira.es\/blog\/?p=1482"},"modified":"2014-09-30T20:03:39","modified_gmt":"2014-09-30T18:03:39","slug":"muxia-incordiando","status":"publish","type":"post","link":"https:\/\/www.eira.es\/blog\/2014\/09\/25\/muxia-incordiando\/","title":{"rendered":"Mux\u00eda incordiando."},"content":{"rendered":"<p>Repet\u00edn na praia de Lago, pero esta vez a predicci\u00f3n era de que o vento \u00eda vaixar.<\/p>\n<p>Sa\u00edn con 65, 111 e 38 de aleta, e d\u00edn d\u00faas planeadas boas, pero xa se v\u00eda que fac\u00eda falla m\u00e1is. Met\u00edn 7,5 moi tensa e o mesmo. Voltei \u00e1 praia a abrir, pero xa non consegu\u00edn mais que flotar, as\u00ed que para casi\u00f1a.<\/p>\n","protected":false},"excerpt":{"rendered":"<p>Repet\u00edn na praia de Lago, pero esta vez a predicci\u00f3n era de que o vento \u00eda vaixar. Sa\u00edn con 65, 111 e 38 de aleta, e d\u00edn d\u00faas planeadas boas, pero xa se v\u00eda que fac\u00eda falla m\u00e1is. Met\u00edn 7,5 &hellip; <a href=\"https:\/\/www.eira.es\/blog\/2014\/09\/25\/muxia-incordiando\/\">Sigue lendo <span class=\"meta-nav\">&rarr;<\/span><\/a><\/p>\n","protected":false},"author":2,"featured_media":0,"comment_status":"open","ping_status":"open","sticky":false,"template":"","format":"standard","meta":{"footnotes":""},"categories":[20],"tags":[],"class_list":["post-1482","post","type-post","status-publish","format-standard","hentry","category-windsurf"],"_links":{"self":[{"href":"https:\/\/www.eira.es\/blog\/wp-json\/wp\/v2\/posts\/1482","targetHints":{"allow":["GET"]}}],"collection":[{"href":"https:\/\/www.eira.es\/blog\/wp-json\/wp\/v2\/posts"}],"about":[{"href":"https:\/\/www.eira.es\/blog\/wp-json\/wp\/v2\/types\/post"}],"author":[{"embeddable":true,"href":"https:\/\/www.eira.es\/blog\/wp-json\/wp\/v2\/users\/2"}],"replies":[{"embeddable":true,"href":"https:\/\/www.eira.es\/blog\/wp-json\/wp\/v2\/comments?post=1482"}],"version-history":[{"count":3,"href":"https:\/\/www.eira.es\/blog\/wp-json\/wp\/v2\/posts\/1482\/revisions"}],"predecessor-version":[{"id":1485,"href":"https:\/\/www.eira.es\/blog\/wp-json\/wp\/v2\/posts\/1482\/revisions\/1485"}],"wp:attachment":[{"href":"https:\/\/www.eira.es\/blog\/wp-json\/wp\/v2\/media?parent=1482"}],"wp:term":[{"taxonomy":"category","embeddable":true,"href":"https:\/\/www.eira.es\/blog\/wp-json\/wp\/v2\/categories?post=1482"},{"taxonomy":"post_tag","embeddable":true,"href":"https:\/\/www.eira.es\/blog\/wp-json\/wp\/v2\/tags?post=1482"}],"curies":[{"name":"wp","href":"https:\/\/api.w.org\/{rel}","templated":true}]}}