{"id":1463,"date":"2014-09-22T21:57:47","date_gmt":"2014-09-22T19:57:47","guid":{"rendered":"http:\/\/www.eira.es\/blog\/?p=1463"},"modified":"2014-09-30T20:00:47","modified_gmt":"2014-09-30T18:00:47","slug":"nordes-na-ria-de-camarinas","status":"publish","type":"post","link":"https:\/\/www.eira.es\/blog\/2014\/09\/22\/nordes-na-ria-de-camarinas\/","title":{"rendered":"Primeira cita."},"content":{"rendered":"<p>Tiven unhas vacaci\u00f3ns un tanto accidentadas, tocoume\u00a0ir a traballar no medio das mesmas. Como resultado quedaronme dous d\u00edas soltos que puiden coller libres. Decid\u00edn tomar este luns de setembro como \u00faltimo d\u00eda de vacaci\u00f3ns e disfrutar tranquilamente do wind.<\/p>\n<p>Claramente orientado \u00e1s rias baixas dende que comecei co windsurf, para se exacto so Arousa e Vigo,\u00a0non me plantexara desprazarme a puntos &#8220;lonxanos e perigosos&#8221; das rias altas.<\/p>\n<p>Unha mensaxe nun foro (Grazas Naish72 e Neira) sobre a praia dos Mu\u00ed\u00f1os e a cercana de Lago, na r\u00eda de Camari\u00f1as, f\u00edxome revisar as mi\u00f1as opci\u00f3ns habituais. A fin de contas, chegar a Corrubedo dende Santiago leva practicamente o mesmo que chegar a Lago, sobre todo co remolque que obriga a reducir a velocidade en autopista, pero non tanto en estrada convencional.<\/p>\n<p>As condici\u00f3ns en Arousa\u00a0 parec\u00edan inestabeis e con poco vento. A predicci\u00f3n de Meteogalicia reflect\u00eda claramente a condici\u00f3n de desventada con Nord\u00e9s que ten a praia. Uns 6 nos de diferencia. 15 na praia e 21 no centro da R\u00eda. Era unha promesa bastante m\u00e1is sustanciosa que o que se v\u00eda para Rianxo, as Cunchas, Probra (inda que \u00f3 final navegaron ben)<\/p>\n<p>Con todo este conxunto, arranquei cara a Mux\u00eda e cheguei \u00e1 Praia de Lago. Coordenadas \u00a043.105315, -9.164819<\/p>\n<p><a href=\"https:\/\/maps.google.es\/maps?daddr=43.105315,-9.164819&amp;hl=es&amp;sll=43.10479,-9.163917&amp;sspn=0.005233,0.010246&amp;t=h&amp;mra=mift&amp;mrsp=1&amp;sz=17&amp;z=17\">https:\/\/maps.google.es\/maps?daddr=43.105315,-9.164819&amp;hl=es&amp;sll=43.10479,-9.163917&amp;sspn=0.005233,0.010246&amp;t=h&amp;mra=mift&amp;mrsp=1&amp;sz=17&amp;z=17<\/a><\/p>\n<p>Os aparcamentos na estrada son bastante xeitosos, pero\u00a0pertencen os bares e o camping, e\u00a0engaden mais traxecto cargando co material. A entrada ate pe de praia est\u00e1 entre os dous bares con un prohibido o paso que quixen entender que afecta \u00e1 pista da esquerda. A pista parece dificil de transitar cando haxa auga, pero hoxe o meu mini bus puido con ela. Compre dicir que antes de meterme fixen un reco\u00f1ecemento a pe para asegurarme de que non ia quedar atrancado.;-)<\/p>\n<p><a href=\"http:\/\/www.eira.es\/blog\/wp-content\/uploads\/2014\/09\/EntradaLagoMuxia.jpg\"><img loading=\"lazy\" decoding=\"async\" class=\"aligncenter wp-image-1475\" src=\"http:\/\/www.eira.es\/blog\/wp-content\/uploads\/2014\/09\/EntradaLagoMuxia-400x195.jpg\" alt=\"EntradaLagoMuxia\" width=\"600\" height=\"294\" srcset=\"https:\/\/www.eira.es\/blog\/wp-content\/uploads\/2014\/09\/EntradaLagoMuxia-400x195.jpg 400w, https:\/\/www.eira.es\/blog\/wp-content\/uploads\/2014\/09\/EntradaLagoMuxia.jpg 936w\" sizes=\"auto, (max-width: 600px) 100vw, 600px\" \/><\/a><\/p>\n<p>&nbsp;<\/p>\n<p>A praia ten voas vistas, e un luns de setembro pola ma\u00f1\u00e1n estaba de todo menos concurrida.<\/p>\n<p>&nbsp;<\/p>\n<p><a href=\"http:\/\/www.eira.es\/blog\/wp-content\/uploads\/2014\/09\/wpid-20140922_104853.jpg\"><img loading=\"lazy\" decoding=\"async\" class=\"aligncenter wp-image-1462\" src=\"http:\/\/www.eira.es\/blog\/wp-content\/uploads\/2014\/09\/wpid-20140922_104853-400x225.jpg\" alt=\"wpid-20140922_104853.jpg\" width=\"600\" height=\"338\" srcset=\"https:\/\/www.eira.es\/blog\/wp-content\/uploads\/2014\/09\/wpid-20140922_104853-400x225.jpg 400w, https:\/\/www.eira.es\/blog\/wp-content\/uploads\/2014\/09\/wpid-20140922_104853-1024x576.jpg 1024w, https:\/\/www.eira.es\/blog\/wp-content\/uploads\/2014\/09\/wpid-20140922_104853.jpg 2000w\" sizes=\"auto, (max-width: 600px) 100vw, 600px\" \/><\/a><\/p>\n<p><a href=\"http:\/\/www.eira.es\/blog\/wp-content\/uploads\/2014\/09\/wpid-20140922_104902.jpg\"><img loading=\"lazy\" decoding=\"async\" class=\"aligncenter wp-image-1461\" src=\"http:\/\/www.eira.es\/blog\/wp-content\/uploads\/2014\/09\/wpid-20140922_104902-1024x576.jpg\" alt=\"wpid-20140922_104902.jpg\" width=\"600\" height=\"338\" srcset=\"https:\/\/www.eira.es\/blog\/wp-content\/uploads\/2014\/09\/wpid-20140922_104902-1024x576.jpg 1024w, https:\/\/www.eira.es\/blog\/wp-content\/uploads\/2014\/09\/wpid-20140922_104902-400x225.jpg 400w, https:\/\/www.eira.es\/blog\/wp-content\/uploads\/2014\/09\/wpid-20140922_104902.jpg 2000w\" sizes=\"auto, (max-width: 600px) 100vw, 600px\" \/><\/a><\/p>\n<p><a href=\"http:\/\/www.eira.es\/blog\/wp-content\/uploads\/2014\/09\/wpid-20140922_104907.jpg\"><img loading=\"lazy\" decoding=\"async\" class=\"aligncenter wp-image-1460\" src=\"http:\/\/www.eira.es\/blog\/wp-content\/uploads\/2014\/09\/wpid-20140922_104907-1024x576.jpg\" alt=\"wpid-20140922_104907.jpg\" width=\"600\" height=\"338\" srcset=\"https:\/\/www.eira.es\/blog\/wp-content\/uploads\/2014\/09\/wpid-20140922_104907-1024x576.jpg 1024w, https:\/\/www.eira.es\/blog\/wp-content\/uploads\/2014\/09\/wpid-20140922_104907-400x225.jpg 400w, https:\/\/www.eira.es\/blog\/wp-content\/uploads\/2014\/09\/wpid-20140922_104907.jpg 2000w\" sizes=\"auto, (max-width: 600px) 100vw, 600px\" \/><\/a><\/p>\n<p><a href=\"http:\/\/www.eira.es\/blog\/wp-content\/uploads\/2014\/09\/wpid-20140922_110016r.jpg\"><img loading=\"lazy\" decoding=\"async\" class=\"aligncenter wp-image-1459\" src=\"http:\/\/www.eira.es\/blog\/wp-content\/uploads\/2014\/09\/wpid-20140922_110016r-1024x576.jpg\" alt=\"wpid-20140922_110016r.jpg\" width=\"600\" height=\"338\" srcset=\"https:\/\/www.eira.es\/blog\/wp-content\/uploads\/2014\/09\/wpid-20140922_110016r-1024x576.jpg 1024w, https:\/\/www.eira.es\/blog\/wp-content\/uploads\/2014\/09\/wpid-20140922_110016r-400x225.jpg 400w, https:\/\/www.eira.es\/blog\/wp-content\/uploads\/2014\/09\/wpid-20140922_110016r.jpg 1032w\" sizes=\"auto, (max-width: 600px) 100vw, 600px\" \/><\/a><\/p>\n<p>Xa vi\u00f1an sendo as 11:00 as\u00ed que un caf\u00e9 e un acuarius na terraza antes de po\u00f1erse a elo.<\/p>\n<p>O paseo pola praia non foi moi revelador que se diga. Estaba claro que hab\u00eda bastante m\u00e1is vento\u00a0no medio da r\u00eda que no punto de partida, as\u00ed que decid\u00edn tomar como base o vendo da praia e montar\u00a0Starboard Futura 111, Severne Gator 7,5, MFC SL 38. Planeo r\u00e1pido e nun plis estou con demasiado chopy e vela bordo de ida e de volta. Penso un pouco na praia, saio outra vez e a &#8220;medio cami\u00f1o&#8221; xa vexo claro que hai que vaixar.<\/p>\n<p>Saio de novo con Lorch glider 105, jp 32 e Severne Gator 6,5. Moi ben. Sobre todo \u00f3 principio, despois seguiu subindo e xa se puxo un tanto salvaxe, moi moi racheado. Unha boa malleira. O \u00fanico intento de trasluchar foi de co\u00f1a. Cumprido o meu tempo, tirei para casi\u00f1a con calma.<\/p>\n<p>O Lugar \u00e9 bo para facer wind. Cero pedras, Cero algas, Vento posiblemente en d\u00edas en que o nord\u00e9s non chega a Arousa&#8230; como contras, est\u00e1 m\u00e1is lonxe da auga que outros, como haxa algu\u00e9n na praia vas de craneo para entrar, e a sa\u00edda est\u00e1 moi desventada, co que voltar a cambiar o material \u00e9 moi lento e pesado. A distancia a Santiago \u00e9 similar a outras, pero \u00e9 un traxecto m\u00e1is barato pola velocidade cercana a 90 e por non ter autopista que pagar.<\/p>\n<p>Seguro que volto \ud83d\ude09<\/p>\n<p>&nbsp;<\/p>\n","protected":false},"excerpt":{"rendered":"<p>Tiven unhas vacaci\u00f3ns un tanto accidentadas, tocoume\u00a0ir a traballar no medio das mesmas. Como resultado quedaronme dous d\u00edas soltos que puiden coller libres. Decid\u00edn tomar este luns de setembro como \u00faltimo d\u00eda de vacaci\u00f3ns e disfrutar tranquilamente do wind. Claramente &hellip; <a href=\"https:\/\/www.eira.es\/blog\/2014\/09\/22\/nordes-na-ria-de-camarinas\/\">Sigue lendo <span class=\"meta-nav\">&rarr;<\/span><\/a><\/p>\n","protected":false},"author":2,"featured_media":0,"comment_status":"open","ping_status":"open","sticky":false,"template":"","format":"standard","meta":{"footnotes":""},"categories":[20],"tags":[],"class_list":["post-1463","post","type-post","status-publish","format-standard","hentry","category-windsurf"],"_links":{"self":[{"href":"https:\/\/www.eira.es\/blog\/wp-json\/wp\/v2\/posts\/1463","targetHints":{"allow":["GET"]}}],"collection":[{"href":"https:\/\/www.eira.es\/blog\/wp-json\/wp\/v2\/posts"}],"about":[{"href":"https:\/\/www.eira.es\/blog\/wp-json\/wp\/v2\/types\/post"}],"author":[{"embeddable":true,"href":"https:\/\/www.eira.es\/blog\/wp-json\/wp\/v2\/users\/2"}],"replies":[{"embeddable":true,"href":"https:\/\/www.eira.es\/blog\/wp-json\/wp\/v2\/comments?post=1463"}],"version-history":[{"count":15,"href":"https:\/\/www.eira.es\/blog\/wp-json\/wp\/v2\/posts\/1463\/revisions"}],"predecessor-version":[{"id":1481,"href":"https:\/\/www.eira.es\/blog\/wp-json\/wp\/v2\/posts\/1463\/revisions\/1481"}],"wp:attachment":[{"href":"https:\/\/www.eira.es\/blog\/wp-json\/wp\/v2\/media?parent=1463"}],"wp:term":[{"taxonomy":"category","embeddable":true,"href":"https:\/\/www.eira.es\/blog\/wp-json\/wp\/v2\/categories?post=1463"},{"taxonomy":"post_tag","embeddable":true,"href":"https:\/\/www.eira.es\/blog\/wp-json\/wp\/v2\/tags?post=1463"}],"curies":[{"name":"wp","href":"https:\/\/api.w.org\/{rel}","templated":true}]}}